{"id":2327,"date":"2025-06-15T14:53:55","date_gmt":"2025-06-15T12:53:55","guid":{"rendered":"https:\/\/lerayondordulac.com\/?p=2327"},"modified":"2025-07-21T08:11:50","modified_gmt":"2025-07-21T06:11:50","slug":"rando-de-lege","status":"publish","type":"post","link":"https:\/\/lerayondordulac.com\/index.php\/2025\/06\/15\/rando-de-lege\/","title":{"rendered":"Rando de Leg\u00e9"},"content":{"rendered":"\n<p>Vu des VTT <\/p>\n\n\n\n<p>Tr\u00e8s beau parcours ce matin \u00e0 Leg\u00e9.<\/p>\n\n\n\n<p>Pascal le Dauphinois, Yohan, notre Pr\u00e9sident et moi m\u00eame \u00e9tions du voyage. <br \/>Technique \u00e0 souhait, singles en d\u00e9vers ou pas dans les bois, travers\u00e9es de ruisseaux sur petit pont ou \u00e0 gu\u00e9. Au total 50km, 618mD+ en 3h14. Et j&rsquo;ai m\u00eame vu quelques gars de la route passer \u00e0 la B\u00e9nate.<\/p>\n\n\n\n<figure class=\"wp-block-image size-large\"><img loading=\"lazy\" decoding=\"async\" width=\"472\" height=\"1024\" src=\"https:\/\/lerayondordulac.com\/wp-content\/uploads\/2025\/06\/WhatsApp-Image-2025-06-15-a-14.28.04_b63c2870-472x1024.jpg\" alt=\"\" class=\"wp-image-2329\" srcset=\"https:\/\/lerayondordulac.com\/wp-content\/uploads\/2025\/06\/WhatsApp-Image-2025-06-15-a-14.28.04_b63c2870-472x1024.jpg 472w, https:\/\/lerayondordulac.com\/wp-content\/uploads\/2025\/06\/WhatsApp-Image-2025-06-15-a-14.28.04_b63c2870-138x300.jpg 138w, https:\/\/lerayondordulac.com\/wp-content\/uploads\/2025\/06\/WhatsApp-Image-2025-06-15-a-14.28.04_b63c2870-708x1536.jpg 708w, https:\/\/lerayondordulac.com\/wp-content\/uploads\/2025\/06\/WhatsApp-Image-2025-06-15-a-14.28.04_b63c2870.jpg 738w\" sizes=\"(max-width: 472px) 100vw, 472px\" \/><\/figure>\n\n\n\n<figure class=\"wp-block-image size-large\"><img loading=\"lazy\" decoding=\"async\" width=\"472\" height=\"1024\" src=\"https:\/\/lerayondordulac.com\/wp-content\/uploads\/2025\/06\/WhatsApp-Image-2025-06-15-a-14.29.48_07a0b318-472x1024.jpg\" alt=\"\" class=\"wp-image-2330\" srcset=\"https:\/\/lerayondordulac.com\/wp-content\/uploads\/2025\/06\/WhatsApp-Image-2025-06-15-a-14.29.48_07a0b318-472x1024.jpg 472w, https:\/\/lerayondordulac.com\/wp-content\/uploads\/2025\/06\/WhatsApp-Image-2025-06-15-a-14.29.48_07a0b318-138x300.jpg 138w, https:\/\/lerayondordulac.com\/wp-content\/uploads\/2025\/06\/WhatsApp-Image-2025-06-15-a-14.29.48_07a0b318-708x1536.jpg 708w, https:\/\/lerayondordulac.com\/wp-content\/uploads\/2025\/06\/WhatsApp-Image-2025-06-15-a-14.29.48_07a0b318.jpg 738w\" sizes=\"(max-width: 472px) 100vw, 472px\" \/><\/figure>\n","protected":false},"excerpt":{"rendered":"<p>Vu des VTT Tr\u00e8s beau parcours ce matin \u00e0 Leg\u00e9. Pascal le Dauphinois, Yohan, notre Pr\u00e9sident et moi m\u00eame \u00e9tions du voyage. Technique \u00e0 souhait, singles en d\u00e9vers ou pas &#8230;<\/p>\n","protected":false},"author":6,"featured_media":2329,"comment_status":"open","ping_status":"open","sticky":false,"template":"","format":"standard","meta":{"footnotes":""},"categories":[7],"tags":[],"_links":{"self":[{"href":"https:\/\/lerayondordulac.com\/index.php\/wp-json\/wp\/v2\/posts\/2327"}],"collection":[{"href":"https:\/\/lerayondordulac.com\/index.php\/wp-json\/wp\/v2\/posts"}],"about":[{"href":"https:\/\/lerayondordulac.com\/index.php\/wp-json\/wp\/v2\/types\/post"}],"author":[{"embeddable":true,"href":"https:\/\/lerayondordulac.com\/index.php\/wp-json\/wp\/v2\/users\/6"}],"replies":[{"embeddable":true,"href":"https:\/\/lerayondordulac.com\/index.php\/wp-json\/wp\/v2\/comments?post=2327"}],"version-history":[{"count":4,"href":"https:\/\/lerayondordulac.com\/index.php\/wp-json\/wp\/v2\/posts\/2327\/revisions"}],"predecessor-version":[{"id":2345,"href":"https:\/\/lerayondordulac.com\/index.php\/wp-json\/wp\/v2\/posts\/2327\/revisions\/2345"}],"wp:featuredmedia":[{"embeddable":true,"href":"https:\/\/lerayondordulac.com\/index.php\/wp-json\/wp\/v2\/media\/2329"}],"wp:attachment":[{"href":"https:\/\/lerayondordulac.com\/index.php\/wp-json\/wp\/v2\/media?parent=2327"}],"wp:term":[{"taxonomy":"category","embeddable":true,"href":"https:\/\/lerayondordulac.com\/index.php\/wp-json\/wp\/v2\/categories?post=2327"},{"taxonomy":"post_tag","embeddable":true,"href":"https:\/\/lerayondordulac.com\/index.php\/wp-json\/wp\/v2\/tags?post=2327"}],"curies":[{"name":"wp","href":"https:\/\/api.w.org\/{rel}","templated":true}]}}