{"id":2312,"date":"2025-05-19T22:09:46","date_gmt":"2025-05-19T20:09:46","guid":{"rendered":"https:\/\/lerayondordulac.com\/index.php\/2025\/05\/19\/le-tour-du-bout-du-monde-vu-par-notre-ami-richard\/"},"modified":"2025-05-19T22:10:34","modified_gmt":"2025-05-19T20:10:34","slug":"le-tour-du-bout-du-monde-vu-par-notre-ami-richard","status":"publish","type":"post","link":"https:\/\/lerayondordulac.com\/index.php\/2025\/05\/19\/le-tour-du-bout-du-monde-vu-par-notre-ami-richard\/","title":{"rendered":"Le tour du bout du monde vu par notre ami Richard !"},"content":{"rendered":"\n<p><strong>Quelques photos de la sortie bretonne. Beau temps , parcours exigeant. Tout c\u2019est bien pass\u00e9: beau paysages, bonne humeur du ROL . Environ 650 participants le dimanche pour cette 1ere \u00e9dition. Bonne soir\u00e9e<\/strong><\/p>\n\n\n\n<p>Richard <\/p>\n\n\n\n<p><\/p>\n\n\n\n<figure class=\"wp-block-gallery has-nested-images columns-default is-cropped wp-block-gallery-1 is-layout-flex wp-block-gallery-is-layout-flex\">\n<figure class=\"wp-block-image size-large\"><img loading=\"lazy\" decoding=\"async\" width=\"768\" height=\"1024\" data-id=\"2308\" src=\"https:\/\/lerayondordulac.com\/wp-content\/uploads\/2025\/05\/img_3092-768x1024.jpg\" alt=\"\" class=\"wp-image-2308\" srcset=\"https:\/\/lerayondordulac.com\/wp-content\/uploads\/2025\/05\/img_3092-768x1024.jpg 768w, https:\/\/lerayondordulac.com\/wp-content\/uploads\/2025\/05\/img_3092-225x300.jpg 225w, https:\/\/lerayondordulac.com\/wp-content\/uploads\/2025\/05\/img_3092-1152x1536.jpg 1152w, https:\/\/lerayondordulac.com\/wp-content\/uploads\/2025\/05\/img_3092-1320x1760.jpg 1320w, https:\/\/lerayondordulac.com\/wp-content\/uploads\/2025\/05\/img_3092.jpg 1500w\" sizes=\"(max-width: 768px) 100vw, 768px\" \/><\/figure>\n\n\n\n<figure class=\"wp-block-image size-large\"><img decoding=\"async\" data-id=\"2310\" src=\"https:\/\/lerayondordulac.com\/wp-content\/uploads\/2025\/05\/img_3074-1024x519.jpg\" alt=\"\" class=\"wp-image-2310\"\/><\/figure>\n\n\n\n<figure class=\"wp-block-image size-large\"><img loading=\"lazy\" decoding=\"async\" width=\"1024\" height=\"768\" data-id=\"2309\" src=\"https:\/\/lerayondordulac.com\/wp-content\/uploads\/2025\/05\/img_3084-1024x768.jpg\" alt=\"\" class=\"wp-image-2309\" srcset=\"https:\/\/lerayondordulac.com\/wp-content\/uploads\/2025\/05\/img_3084-1024x768.jpg 1024w, https:\/\/lerayondordulac.com\/wp-content\/uploads\/2025\/05\/img_3084-300x225.jpg 300w, https:\/\/lerayondordulac.com\/wp-content\/uploads\/2025\/05\/img_3084-768x576.jpg 768w, https:\/\/lerayondordulac.com\/wp-content\/uploads\/2025\/05\/img_3084-1536x1152.jpg 1536w, https:\/\/lerayondordulac.com\/wp-content\/uploads\/2025\/05\/img_3084-1320x990.jpg 1320w, https:\/\/lerayondordulac.com\/wp-content\/uploads\/2025\/05\/img_3084.jpg 2000w\" sizes=\"(max-width: 1024px) 100vw, 1024px\" \/><\/figure>\n\n\n\n<figure class=\"wp-block-image size-large\"><img loading=\"lazy\" decoding=\"async\" width=\"1024\" height=\"768\" data-id=\"2311\" src=\"https:\/\/lerayondordulac.com\/wp-content\/uploads\/2025\/05\/img_3081-1024x768.jpg\" alt=\"\" class=\"wp-image-2311\" srcset=\"https:\/\/lerayondordulac.com\/wp-content\/uploads\/2025\/05\/img_3081-1024x768.jpg 1024w, https:\/\/lerayondordulac.com\/wp-content\/uploads\/2025\/05\/img_3081-300x225.jpg 300w, https:\/\/lerayondordulac.com\/wp-content\/uploads\/2025\/05\/img_3081-768x576.jpg 768w, https:\/\/lerayondordulac.com\/wp-content\/uploads\/2025\/05\/img_3081-1536x1152.jpg 1536w, https:\/\/lerayondordulac.com\/wp-content\/uploads\/2025\/05\/img_3081-1320x990.jpg 1320w, https:\/\/lerayondordulac.com\/wp-content\/uploads\/2025\/05\/img_3081.jpg 2000w\" sizes=\"(max-width: 1024px) 100vw, 1024px\" \/><\/figure>\n\n\n\n<figure class=\"wp-block-image size-large\"><img decoding=\"async\" data-id=\"2307\" src=\"https:\/\/lerayondordulac.com\/wp-content\/uploads\/2025\/05\/img_3074-1-1024x519.jpg\" alt=\"\" class=\"wp-image-2307\"\/><\/figure>\n<figcaption class=\"blocks-gallery-caption wp-element-caption\">La randonn\u00e9e du bout du monde 2025 !<\/figcaption><\/figure>\n\n\n\n<p><\/p>\n","protected":false},"excerpt":{"rendered":"<p>Quelques photos de la sortie bretonne. Beau temps , parcours exigeant. Tout c\u2019est bien pass\u00e9: beau paysages, bonne humeur du ROL . Environ 650 participants le dimanche pour cette 1ere &#8230;<\/p>\n","protected":false},"author":1,"featured_media":2313,"comment_status":"open","ping_status":"open","sticky":false,"template":"","format":"standard","meta":{"footnotes":""},"categories":[6],"tags":[],"_links":{"self":[{"href":"https:\/\/lerayondordulac.com\/index.php\/wp-json\/wp\/v2\/posts\/2312"}],"collection":[{"href":"https:\/\/lerayondordulac.com\/index.php\/wp-json\/wp\/v2\/posts"}],"about":[{"href":"https:\/\/lerayondordulac.com\/index.php\/wp-json\/wp\/v2\/types\/post"}],"author":[{"embeddable":true,"href":"https:\/\/lerayondordulac.com\/index.php\/wp-json\/wp\/v2\/users\/1"}],"replies":[{"embeddable":true,"href":"https:\/\/lerayondordulac.com\/index.php\/wp-json\/wp\/v2\/comments?post=2312"}],"version-history":[{"count":1,"href":"https:\/\/lerayondordulac.com\/index.php\/wp-json\/wp\/v2\/posts\/2312\/revisions"}],"predecessor-version":[{"id":2314,"href":"https:\/\/lerayondordulac.com\/index.php\/wp-json\/wp\/v2\/posts\/2312\/revisions\/2314"}],"wp:featuredmedia":[{"embeddable":true,"href":"https:\/\/lerayondordulac.com\/index.php\/wp-json\/wp\/v2\/media\/2313"}],"wp:attachment":[{"href":"https:\/\/lerayondordulac.com\/index.php\/wp-json\/wp\/v2\/media?parent=2312"}],"wp:term":[{"taxonomy":"category","embeddable":true,"href":"https:\/\/lerayondordulac.com\/index.php\/wp-json\/wp\/v2\/categories?post=2312"},{"taxonomy":"post_tag","embeddable":true,"href":"https:\/\/lerayondordulac.com\/index.php\/wp-json\/wp\/v2\/tags?post=2312"}],"curies":[{"name":"wp","href":"https:\/\/api.w.org\/{rel}","templated":true}]}}